{"id":18284,"date":"2026-09-03T03:40:48","date_gmt":"2026-09-03T01:40:48","guid":{"rendered":"https:\/\/linoludovic.fr\/blog\/photographe-mariage-alpilles-saint-remy\/"},"modified":"2026-09-03T03:40:48","modified_gmt":"2026-09-03T01:40:48","slug":"photographe-mariage-alpilles-saint-remy","status":"publish","type":"post","link":"https:\/\/linoludovic.fr\/blog\/photographe-mariage-alpilles-saint-remy\/","title":{"rendered":"Photographe mariage Alpilles Saint-R\u00e9my | Guide 2026"},"content":{"rendered":"\n<style>\n.oscar-article h2 { color: #5f2530 !important; border: none !important; }\n.oscar-article h3 { color: #702936 !important; border: none !important; }\n.oscar-article p, .oscar-article ul, .oscar-article ol { margin-top: 0.3em !important; margin-bottom: 0.3em !important; }\n.oscar-article ol { padding-left: 0.7em !important; }\n.oscar-article a:not([target]):not([href^=\"#\"]) { color: #0EA5E9 !important; text-decoration: underline !important; text-decoration-color: #0EA5E9 !important; }\n.oscar-article #h-toc a { color: #0EA5E9 !important; text-decoration: underline !important; text-decoration-color: #0EA5E9 !important; }\n.oscar-article table { width: 100% !important; border-collapse: collapse !important; margin: 1em 0 !important; }\n.oscar-article th, .oscar-article td { border: 1px solid #e5e5e5 !important; padding: 0.6em 0.8em !important; text-align: left !important; }\n.oscar-article th { background-color: #f5f3ff !important; font-weight: 600 !important; }\n.oscar-article caption { caption-side: top !important; text-align: left !important; font-style: italic !important; padding: 0.3em 0 !important; color: #555 !important; }\n<\/style>\n\n\n\n<div class=\"wp-block-group oscar-article\"><div class=\"wp-block-group__inner-container is-layout-flow wp-block-group-is-layout-flow\">\n\n<p class=\"wp-block-paragraph\">Les Alpilles forment l&rsquo;un des territoires les plus envo\u00fbtants de Provence, et Saint-R\u00e9my-de-Provence en est le c\u0153ur battant. Oliviers centenaires, mas en pierres blondes, garrigue parfum\u00e9e et lumi\u00e8re m\u00e9diterran\u00e9enne d&rsquo;une intensit\u00e9 rare : ce paysage calcaire que Van Gogh a lui-m\u00eame immortalis\u00e9 offre un cadre naturellement cin\u00e9matographique pour un mariage de destination, id\u00e9al pour un photographe mariage Alpilles Saint-R\u00e9my.<\/p>\n\n\n\n<p class=\"wp-block-paragraph\">Si le Luberon et Gordes concentrent depuis des ann\u00e9es l&rsquo;attention des couples internationaux, les Alpilles proposent quelque chose de plus confidentiel, de plus authentique, et souvent plus photog\u00e9nique encore. Choisir un photographe mariage Alpilles Saint-R\u00e9my, c&rsquo;est miser sur un territoire o\u00f9 chaque heure dor\u00e9e de fin de journ\u00e9e devient une \u0153uvre \u00e0 part enti\u00e8re.<\/p>\n\n\n\n<h2 class=\"wp-block-heading\" id=\"h-title\">Photographe mariage Alpilles Saint-R\u00e9my | Guide 2026<\/h2>\n\n\n\n<p class=\"wp-block-paragraph\">Temps de lecture : ~9 min<\/p>\n\n\n\n<ol class=\"wp-block-list\" id=\"h-toc\">\n\n<li><a href=\"#h-resume-en-bref\">R\u00e9sum\u00e9 en bref<\/a><\/li>\n\n\n<li><a href=\"#h-pourquoi-alpilles-territoire-a-part\">Pourquoi les Alpilles sont un territoire \u00e0 part pour un mariage en Provence<\/a><\/li>\n\n\n<li><a href=\"#h-villages-autour-saint-remy\">Les villages autour de Saint-R\u00e9my : des d\u00e9cors compl\u00e9mentaires pour un reportage mariage Alpilles Saint-R\u00e9my<\/a><\/li>\n\n\n<li><a href=\"#h-comment-choisir-photographe\">Comment choisir son photographe de mariage dans les Alpilles<\/a><\/li>\n\n\n<li><a href=\"#h-tarifs-photographe-saint-remy\">Tarifs d&rsquo;un photographe de mariage \u00e0 Saint-R\u00e9my-de-Provence : ce qu&rsquo;il faut savoir<\/a><\/li>\n\n\n<li><a href=\"#h-meilleure-saison-alpilles\">La meilleure saison pour se marier dans les Alpilles<\/a><\/li>\n\n\n<li><a href=\"#h-preparer-reportage-lino-ludovic\">Pr\u00e9parer son reportage photo de mariage dans les Alpilles avec Lino Ludovic<\/a><\/li>\n\n\n<li><a href=\"#h-aller-plus-loin\">Vivre l&rsquo;exp\u00e9rience d&rsquo;un mariage dans les Alpilles avec le bon photographe<\/a><\/li>\n\n\n<li><a href=\"#h-faq\">FAQ<\/a><\/li>\n\n<\/ol>\n\n\n\n<h2 class=\"wp-block-heading\" id=\"h-resume-en-bref\">R\u00e9sum\u00e9 en bref<\/h2>\n\n\n\n<p class=\"wp-block-paragraph\">Voici les grandes th\u00e9matiques abord\u00e9es dans cet article :<\/p>\n\n\n\n<ul class=\"wp-block-list\">\n\n<li>Les Alpilles et Saint-R\u00e9my concentrent des lieux de r\u00e9ception d&rsquo;exception moins satur\u00e9s que les destinations proven\u00e7ales les plus m\u00e9diatis\u00e9es.<\/li>\n\n\n<li>La lumi\u00e8re m\u00e9diterran\u00e9enne de ce territoire exige un photographe habitu\u00e9 \u00e0 ses contraintes et \u00e0 ses opportunit\u00e9s.<\/li>\n\n\n<li>Les villages autour de Saint-R\u00e9my offrent des d\u00e9cors vari\u00e9s et compl\u00e9mentaires pour un reportage photo de mariage riche.<\/li>\n\n\n<li>Choisir son photographe de mariage en Provence implique de v\u00e9rifier son exp\u00e9rience locale, son style et la qualit\u00e9 de son accompagnement.<\/li>\n\n\n<li>Les tarifs d&rsquo;un reportage mariage dans les Alpilles varient selon l&rsquo;expertise, la dur\u00e9e de couverture et les prestations incluses.<\/li>\n\n\n<li>La pr\u00e9paration du reportage photo, notamment le rep\u00e9rage et le planning, est d\u00e9terminante pour exploiter pleinement le potentiel du lieu.<\/li>\n\n<\/ul>\n\n\n\n<h2 class=\"wp-block-heading\" id=\"h-pourquoi-alpilles-territoire-a-part\">Pourquoi les Alpilles sont un territoire \u00e0 part pour un mariage en Provence<\/h2>\n\n\n\n<p class=\"wp-block-paragraph\">Le massif des Alpilles dessine une barri\u00e8re calcaire entre la Camargue et le Luberon, offrant des paysages d&rsquo;une singularit\u00e9 rare en France. Contrairement aux villages perch\u00e9s du Vaucluse qui attirent des flux touristiques massifs, les communes des Alpilles comme Eygali\u00e8res, Maussane-les-Alpilles, Paradou ou Les Baux-de-Provence conservent une intimit\u00e9 pr\u00e9cieuse.<\/p>\n\n\n\n<figure class=\"wp-block-image\"><img decoding=\"async\" src=\"https:\/\/linoludovic.fr\/blog\/wp-content\/uploads\/2026\/09\/fc1d075c-41a0-43e1-a6d7-286c15276dfd.webp\" alt=\"salle-reception-grange-pierre-tables.webp\" title=\"salle-reception-grange-pierre-tables.webp\" loading=\"lazy\" data-image-id=\"fc1d075c-41a0-43e1-a6d7-286c15276dfd\" style=\"display:block;margin:1.5rem auto;max-width:100%;height:auto;border-radius:8px;\" \/><\/figure>\n\n\n\n<p class=\"wp-block-paragraph\">Un mariage organis\u00e9 dans ce secteur b\u00e9n\u00e9ficie d&rsquo;un cadre authentique sans la saturation visuelle que l&rsquo;on peut trouver ailleurs.<\/p>\n\n\n\n<h3 class=\"wp-block-heading\" id=\"h-pourquoi-lumiere-alpilles\">Une lumi\u00e8re m\u00e9diterran\u00e9enne exigeante<\/h3>\n\n\n\n<p class=\"wp-block-paragraph\">La lumi\u00e8re y est d&rsquo;une qualit\u00e9 exceptionnelle. Van Gogh, qui a s\u00e9journ\u00e9 \u00e0 Saint-R\u00e9my-de-Provence \u00e0 la fin du XIXe si\u00e8cle, l&rsquo;a d\u00e9crite comme une lumi\u00e8re vibrante, presque vivante. Pour un photographe de mariage, cette lumi\u00e8re m\u00e9diterran\u00e9enne repr\u00e9sente \u00e0 la fois un atout et un d\u00e9fi : elle sculpte les visages et les paysages de mani\u00e8re spectaculaire en fin de journ\u00e9e, mais peut \u00eatre brutale en milieu de journ\u00e9e estivale.<\/p>\n\n\n\n<p class=\"wp-block-paragraph\">Ma\u00eetriser ces conditions demande une connaissance fine du territoire et une capacit\u00e9 \u00e0 anticiper les d\u00e9placements en fonction des heures.<\/p>\n\n\n\n<p class=\"wp-block-paragraph\">Les domaines de r\u00e9ception haut de gamme qui jalonnent ce territoire renforcent encore son attrait. Le Ch\u00e2teau des Alpilles, \u00e9tablissement cinq \u00e9toiles au c\u0153ur de Saint-R\u00e9my, le Mas de Jonquerolles au pied du village, le Domaine de Valdition, le Ch\u00e2teau d&rsquo;Estoublon ou encore le Mas de la Rose constituent autant d&rsquo;\u00e9crins pour des mariages de destination exigeants. Chacun de ces lieux poss\u00e8de une personnalit\u00e9 architecturale et paysag\u00e8re distincte, ce qui offre une palette visuelle extraordinaire pour un reportage photo de mariage dans les Alpilles.<\/p>\n\n\n\n<h2 class=\"wp-block-heading\" id=\"h-villages-autour-saint-remy\">Les villages autour de Saint-R\u00e9my : des d\u00e9cors compl\u00e9mentaires pour un reportage mariage Alpilles Saint-R\u00e9my<\/h2>\n\n\n\n<p class=\"wp-block-paragraph\">Saint-R\u00e9my-de-Provence est le point d&rsquo;ancrage naturel de ce territoire, mais les communes environnantes m\u00e9ritent une attention particuli\u00e8re pour enrichir un reportage photo de mariage.<\/p>\n\n\n\n<figure class=\"wp-block-image\"><img decoding=\"async\" src=\"https:\/\/linoludovic.fr\/blog\/wp-content\/uploads\/2026\/09\/ccdc6fd7-da27-4d03-9c98-827011644dcc.webp\" alt=\"vue-vallee-verdoyante-terrasse-domaine.webp\" title=\"vue-vallee-verdoyante-terrasse-domaine.webp\" loading=\"lazy\" data-image-id=\"ccdc6fd7-da27-4d03-9c98-827011644dcc\" style=\"display:block;margin:1.5rem auto;max-width:100%;height:auto;border-radius:8px;\" \/><\/figure>\n\n\n\n<p class=\"wp-block-paragraph\">Eygali\u00e8res est sans doute le village le plus photog\u00e9nique du secteur. Ses ruelles \u00e9troites, sa chapelle perch\u00e9e sur un promontoire rocheux et ses oliveraies qui s&rsquo;\u00e9tendent \u00e0 perte de vue en font un d\u00e9cor de carte postale pour une s\u00e9ance couple en lumi\u00e8re naturelle. Le village attire depuis longtemps une client\u00e8le internationale sensible \u00e0 l&rsquo;authenticit\u00e9 proven\u00e7ale.<\/p>\n\n\n\n<p class=\"wp-block-paragraph\">Les Baux-de-Provence, class\u00e9 parmi les plus beaux villages de France, offre quant \u00e0 lui une atmosph\u00e8re m\u00e9di\u00e9vale et min\u00e9rale unique. Les pierres ocres des ruines du ch\u00e2teau dominent la plaine de la Crau et les Alpilles, cr\u00e9ant des arri\u00e8re-plans d&rsquo;une profondeur visuelle rare. Un photographe mariage Les Baux-de-Provence doit savoir jouer avec les textures et les contrastes que ce site impose.<\/p>\n\n\n\n<p class=\"wp-block-paragraph\">Maussane-les-Alpilles et Paradou, plus discrets, s\u00e9duisent par leurs mas en pierres nich\u00e9s dans les oliveraies et leurs domaines viticoles qui produisent certaines des meilleures huiles d&rsquo;olive de France. Un reportage mariage dans un domaine viticole de Provence dans ce secteur associe naturellement l&rsquo;\u00e9l\u00e9gance du cadre \u00e0 l&rsquo;authenticit\u00e9 du terroir.<\/p>\n\n\n\n<h2 class=\"wp-block-heading\" id=\"h-comment-choisir-photographe\">Comment choisir son photographe de mariage dans les Alpilles<\/h2>\n\n\n\n<p class=\"wp-block-paragraph\">Le choix d&rsquo;un photographe pour un mariage dans les Alpilles ne se r\u00e9sume pas \u00e0 la consultation d&rsquo;un portfolio en ligne. Plusieurs crit\u00e8res permettent de distinguer un prestataire v\u00e9ritablement adapt\u00e9 \u00e0 ce territoire.<\/p>\n\n\n\n<h3 class=\"wp-block-heading\" id=\"h-comment-criteres-choix\">Les crit\u00e8res pour un photographe adapt\u00e9 aux Alpilles<\/h3>\n\n\n\n<ul class=\"wp-block-list\">\n\n<li>Exp\u00e9rience locale : connaissance des contraintes lumineuses de chaque saison et des points de vue les plus saisissants au coucher du soleil.<\/li>\n\n\n<li>Style photographique coh\u00e9rent avec l&rsquo;ambiance recherch\u00e9e, documentaire, moody ou \u00e9ditorial.<\/li>\n\n\n<li>Capacit\u00e9 d&rsquo;accompagnement : rep\u00e9rage pr\u00e9alable, aide au planning, livraison soign\u00e9e des images.<\/li>\n\n\n<li>Transparence du devis : frais de d\u00e9placement, h\u00e9bergement, d\u00e9lais et options clairement d\u00e9taill\u00e9s.<\/li>\n\n<\/ul>\n\n\n\n<p class=\"wp-block-paragraph\">L&rsquo;exp\u00e9rience locale est le premier facteur d\u00e9terminant. Un photographe habitu\u00e9 aux domaines des Alpilles conna\u00eet les contraintes lumineuses de chaque saison, les angles les plus flatteurs dans les cours int\u00e9rieures des mas, et les chemins qui m\u00e8nent aux points de vue les plus saisissants au coucher du soleil. Cette connaissance fine du terrain se traduit directement dans la qualit\u00e9 du reportage photo de mariage dans les Alpilles.<\/p>\n\n\n\n<p class=\"wp-block-paragraph\">Le style photographique doit \u00eatre coh\u00e9rent avec l&rsquo;ambiance recherch\u00e9e. Un mariage dans un mas proven\u00e7al ou une bastide Alpilles appelle g\u00e9n\u00e9ralement un style documentaire et \u00e9motionnel, privil\u00e9giant les moments spontan\u00e9s sur les poses construites. Certains couples recherchent un style moody, aux tons plus contrast\u00e9s, tandis que d&rsquo;autres pr\u00e9f\u00e8rent la luminosit\u00e9 a\u00e9rienne d&rsquo;un rendu \u00e9ditorial.<\/p>\n\n\n\n<p class=\"wp-block-paragraph\">La capacit\u00e9 d&rsquo;accompagnement tout au long du processus est \u00e9galement un crit\u00e8re d\u00e9cisif, particuli\u00e8rement pour un mariage de destination. Un <a href=\"https:\/\/linoludovic.fr\/blog\/photographe-mariage-provence\">photographe mariage Provence<\/a> qui propose un rep\u00e9rage pr\u00e9alable du lieu, une aide \u00e0 la construction du planning photo mariage et une livraison soign\u00e9e des images via une galerie en ligne s\u00e9curis\u00e9e offre une tranquillit\u00e9 d&rsquo;esprit que les couples internationaux recherchent avant tout.<\/p>\n\n\n\n<blockquote class=\"is-layout-flow wp-block-quote-is-layout-flow\"><strong>Bon \u00e0 savoir<\/strong> : Certains lieux de r\u00e9ception dans les Alpilles proposent une liste de prestataires recommand\u00e9s mais ne l&rsquo;imposent pas. Il est toujours utile de v\u00e9rifier la libert\u00e9 de choix des prestataires avant de signer le contrat de location du domaine.<\/blockquote>\n\n\n\n<p class=\"wp-block-paragraph\">Enfin, la transparence du devis photographe est un signal de professionnalisme. Les frais de d\u00e9placement, les \u00e9ventuels frais d&rsquo;h\u00e9bergement pour un mariage sur plusieurs jours, le nombre d&rsquo;images livr\u00e9es, le d\u00e9lai de livraison de la galerie en ligne et les options d&rsquo;album photo mariage doivent \u00eatre clairement d\u00e9taill\u00e9s d\u00e8s le premier contact.<\/p>\n\n\n\n<h2 class=\"wp-block-heading\" id=\"h-tarifs-photographe-saint-remy\">Tarifs d&rsquo;un photographe de mariage \u00e0 Saint-R\u00e9my-de-Provence : ce qu&rsquo;il faut savoir<\/h2>\n\n\n\n<p class=\"wp-block-paragraph\">Les tarifs d&rsquo;un photographe mariage Saint-R\u00e9my-de-Provence varient sensiblement selon le niveau d&rsquo;expertise, la dur\u00e9e de couverture et les prestations incluses. Le tableau suivant pr\u00e9sente les grandes fourchettes observ\u00e9es sur ce march\u00e9.<\/p>\n\n\n\n<h3 class=\"wp-block-heading\" id=\"h-tarifs-fourchettes\">Comprendre les fourchettes tarifaires<\/h3>\n\n\n\n<figure class=\"wp-block-table\"><table>\n<caption>Fourchettes tarifaires d&rsquo;un photographe de mariage \u00e0 Saint-R\u00e9my-de-Provence<\/caption>\n<thead>\n<tr>\n<th>Profil de photographe<\/th>\n<th>Dur\u00e9e de couverture<\/th>\n<th>Fourchette tarifaire indicative<\/th>\n<th>Prestations g\u00e9n\u00e9ralement incluses<\/th>\n<\/tr>\n<\/thead>\n<tbody>\n<tr>\n<td>Photographe local d\u00e9butant \u00e0 interm\u00e9diaire<\/td>\n<td>Demi-journ\u00e9e \u00e0 journ\u00e9e compl\u00e8te<\/td>\n<td>1 200 \u00e0 1 800 \u20ac<\/td>\n<td>Reportage photo, galerie en ligne<\/td>\n<\/tr>\n<tr>\n<td>Photographe exp\u00e9riment\u00e9 r\u00e9gional<\/td>\n<td>Journ\u00e9e compl\u00e8te<\/td>\n<td>1 800 \u00e0 2 500 \u20ac<\/td>\n<td>Reportage photo, galerie en ligne, retouches avanc\u00e9es<\/td>\n<\/tr>\n<tr>\n<td>Photographe d&rsquo;auteur haut de gamme<\/td>\n<td>Journ\u00e9e compl\u00e8te \u00e0 plusieurs jours<\/td>\n<td>3 000 \u20ac et plus<\/td>\n<td>Reportage \u00e9motionnel, s\u00e9ance engagement, album photo mariage, accompagnement premium<\/td>\n<\/tr>\n<\/tbody>\n<\/table><\/figure>\n\n\n\n<p class=\"wp-block-paragraph\">Ces fourchettes sont indicatives et peuvent \u00e9voluer selon la saison, la complexit\u00e9 logistique du mariage et les options choisies. Un mariage s&rsquo;\u00e9talant sur plusieurs jours, avec welcome dinner, journ\u00e9e principale et brunch du lendemain, implique naturellement une couverture compl\u00e8te de la journ\u00e9e \u00e9tendue et un tarif ajust\u00e9 en cons\u00e9quence.<\/p>\n\n\n\n<p class=\"wp-block-paragraph\">Il est important de noter que le tarif photographe mariage Saint-R\u00e9my-de-Provence d&rsquo;un prestataire haut de gamme int\u00e8gre souvent bien plus que la simple pr\u00e9sence le jour J. La pr\u00e9paration en amont, le rep\u00e9rage du lieu, le soin apport\u00e9 \u00e0 la post-production et la qualit\u00e9 de la livraison des images font partie int\u00e9grante de la prestation.<\/p>\n\n\n\n<h2 class=\"wp-block-heading\" id=\"h-meilleure-saison-alpilles\">La meilleure saison pour se marier dans les Alpilles<\/h2>\n\n\n\n<p class=\"wp-block-paragraph\">Le territoire des Alpilles b\u00e9n\u00e9ficie d&rsquo;un ensoleillement exceptionnel, avec plus de 300 jours de soleil par an. Cela dit, <a href=\"https:\/\/linoludovic.fr\/blog\/choisir-saison-mariage-provence\">le choix de la saison de mariage<\/a> m\u00e9rite r\u00e9flexion, car toutes les saisons ne se valent pas pour un reportage photo de mariage dans les Alpilles.<\/p>\n\n\n\n<p class=\"wp-block-paragraph\">Le printemps, d&rsquo;avril \u00e0 juin, est souvent consid\u00e9r\u00e9 comme la p\u00e9riode id\u00e9ale. La v\u00e9g\u00e9tation est d&rsquo;un vert \u00e9clatant, les amandiers et les cerisiers sont en fleurs, et la lumi\u00e8re m\u00e9diterran\u00e9enne est douce et chaleureuse sans \u00eatre agressive. Les temp\u00e9ratures restent agr\u00e9ables pour les invit\u00e9s et permettent de travailler en ext\u00e9rieur sans contrainte.<\/p>\n\n\n\n<p class=\"wp-block-paragraph\">L&rsquo;\u00e9t\u00e9, de juillet \u00e0 ao\u00fbt, offre des couchers de soleil spectaculaires mais impose de composer avec une chaleur intense en milieu de journ\u00e9e. La lumi\u00e8re dor\u00e9e de fin de journ\u00e9e est alors absolument somptueuse pour une s\u00e9ance couple en lumi\u00e8re naturelle, mais le planning photo mariage doit \u00eatre structur\u00e9 pour \u00e9viter les heures les plus dures. Les lavandes sont en fleur en juillet, ajoutant une dimension chromatique suppl\u00e9mentaire au paysage.<\/p>\n\n\n\n<p class=\"wp-block-paragraph\">L&rsquo;automne, de septembre \u00e0 octobre, est une saison de plus en plus pris\u00e9e. La lumi\u00e8re y est particuli\u00e8rement belle, chaude et rasante, les domaines sont moins sollicit\u00e9s et les temp\u00e9ratures restent cl\u00e9mentes. C&rsquo;est souvent la saison pr\u00e9f\u00e9r\u00e9e des photographes de mariage en Provence pour la qualit\u00e9 de la lumi\u00e8re et la s\u00e9r\u00e9nit\u00e9 des lieux.<\/p>\n\n\n\n<blockquote class=\"is-layout-flow wp-block-quote-is-layout-flow\"><strong>\u00c0 retenir<\/strong> : La <a href=\"https:\/\/linoludovic.fr\/blog\/meilleur-moment-photos-mariage-golden-hour\">golden hour<\/a> dans les Alpilles dure souvent plus longtemps qu&rsquo;ailleurs en France, gr\u00e2ce \u00e0 la clart\u00e9 de l&rsquo;air m\u00e9diterran\u00e9en et \u00e0 l&rsquo;absence de pollution lumineuse dans les zones rurales du massif. Planifier la s\u00e9ance couple autour de ce moment est une d\u00e9cision photographique d\u00e9terminante.<\/blockquote>\n\n\n\n<h2 class=\"wp-block-heading\" id=\"h-preparer-reportage-lino-ludovic\">Pr\u00e9parer son reportage photo de mariage dans les Alpilles avec Lino Ludovic<\/h2>\n\n\n\n<p class=\"wp-block-paragraph\">Nous intervenons r\u00e9guli\u00e8rement en Provence pour des mariages de destination exigeants, dans des domaines de r\u00e9ception haut de gamme qui demandent une connaissance fine des contraintes lumineuses et logistiques locales. Notre approche allie l&rsquo;\u00e9l\u00e9gance d&rsquo;un reportage \u00e9ditorial \u00e0 la sensibilit\u00e9 d&rsquo;un style documentaire : nous captons les instants vrais, les regards, les rires des t\u00e9moins, l&rsquo;\u00e9motion d&rsquo;une c\u00e9r\u00e9monie la\u00efque sous les oliviers, sans jamais perturber le d\u00e9roulement de la journ\u00e9e.<\/p>\n\n\n\n<p class=\"wp-block-paragraph\">Pour un mariage dans les Alpilles, nous proposons syst\u00e9matiquement un rep\u00e9rage pr\u00e9alable du lieu afin d&rsquo;identifier les angles les plus int\u00e9ressants, les zones de lumi\u00e8re \u00e0 exploiter selon l&rsquo;heure et la saison, et les espaces qui permettront une s\u00e9ance couple en lumi\u00e8re naturelle dans les meilleures conditions. Ce travail de pr\u00e9paration est ce qui distingue un reportage r\u00e9ellement sur mesure d&rsquo;une couverture g\u00e9n\u00e9rique.<\/p>\n\n\n\n<p class=\"wp-block-paragraph\">Nous travaillons en \u00e9troite collaboration avec les wedding planners qui organisent des mariages dans les Alpilles et les Bouches-du-Rh\u00f4ne, en leur fournissant un aper\u00e7u des images d\u00e8s le lendemain du mariage pour leurs r\u00e9seaux sociaux, et en livrant la galerie compl\u00e8te dans les d\u00e9lais convenus. Pour les mariages sur plusieurs jours int\u00e9grant un welcome dinner, une journ\u00e9e principale et un brunch, nous assurons une constance narrative et esth\u00e9tique de bout en bout.<\/p>\n\n\n\n<p class=\"wp-block-paragraph\">Vous pouvez d\u00e9couvrir notre univers photographique sur notre <a href=\"https:\/\/www.linoludovic.fr\/fr\/portfolio\">portfolio<\/a> et consulter notre approche d\u00e9taill\u00e9e sur notre <a href=\"https:\/\/www.linoludovic.fr\/fr\/photographe-mariage\">page d\u00e9di\u00e9e \u00e0 la photographie de mariage<\/a>. Pour \u00e9changer sur votre projet de mariage dans les Alpilles ou \u00e0 Saint-R\u00e9my-de-Provence, nous vous invitons \u00e0 nous <a href=\"https:\/\/www.linoludovic.fr\/fr\/contact\">contacter directement<\/a>.<\/p>\n\n\n\n<h2 class=\"wp-block-heading\" id=\"h-aller-plus-loin\">Vivre l&rsquo;exp\u00e9rience d&rsquo;un mariage dans les Alpilles avec le bon photographe<\/h2>\n\n\n\n<p class=\"wp-block-paragraph\">Les Alpilles et Saint-R\u00e9my-de-Provence offrent un cadre unique pour un mariage de destination en France, alliant la beaut\u00e9 des paysages calcaires, la richesse du patrimoine proven\u00e7al et la qualit\u00e9 d&rsquo;une lumi\u00e8re m\u00e9diterran\u00e9enne que peu de territoires peuvent \u00e9galer.<\/p>\n\n\n\n<figure class=\"wp-block-image\"><img decoding=\"async\" src=\"https:\/\/linoludovic.fr\/blog\/wp-content\/uploads\/2026\/09\/b515aa0b-a9dc-436a-84f4-7337c89ff412.webp\" alt=\"sortie-maries-escalier-applaudissements-hotel.webp\" title=\"sortie-maries-escalier-applaudissements-hotel.webp\" loading=\"lazy\" data-image-id=\"b515aa0b-a9dc-436a-84f4-7337c89ff412\" style=\"display:block;margin:1.5rem auto;max-width:100%;height:auto;border-radius:8px;\" \/><\/figure>\n\n\n\n<p class=\"wp-block-paragraph\">Choisir un photographe mariage Alpilles Saint-R\u00e9my qui conna\u00eet ce territoire dans ses moindres recoins, qui sait anticiper la lumi\u00e8re dor\u00e9e de fin de journ\u00e9e et qui accompagne les couples avec le soin qu&rsquo;ils m\u00e9ritent, c&rsquo;est s&rsquo;assurer que l&rsquo;essence de ce week-end exceptionnel sera capt\u00e9e avec justesse et transmise pour les g\u00e9n\u00e9rations \u00e0 venir.<\/p>\n\n\n\n<h2 class=\"wp-block-heading\" id=\"h-faq\">FAQ<\/h2>\n\n\n\n<h3 class=\"wp-block-heading\" id=\"h-faq-frais-deplacement\">Faut-il pr\u00e9voir des frais de d\u00e9placement pour un photographe venant de Lyon ou Paris pour un mariage dans les Alpilles ?<\/h3>\n\n\n\n<p class=\"wp-block-paragraph\">Oui, les frais de d\u00e9placement et d&rsquo;h\u00e9bergement sont g\u00e9n\u00e9ralement indiqu\u00e9s s\u00e9par\u00e9ment dans le devis photographe. Pour un mariage de destination dans les Alpilles, il est courant que ces frais soient pris en charge par les mari\u00e9s, en particulier pour un photographe venant d&rsquo;une autre r\u00e9gion. V\u00e9rifiez toujours ce point avant de signer le contrat.<\/p>\n\n\n\n<h3 class=\"wp-block-heading\" id=\"h-faq-seance-engagement\">Peut-on faire une s\u00e9ance engagement dans les Alpilles avant le mariage ?<\/h3>\n\n\n\n<p class=\"wp-block-paragraph\">Absolument. Une s\u00e9ance engagement dans les Alpilles, que ce soit dans les oliveraies d&rsquo;Eygali\u00e8res, sur les hauteurs des Baux-de-Provence ou dans un domaine viticole de Provence, permet au couple de s&rsquo;habituer \u00e0 \u00eatre photographi\u00e9 et au photographe de tester la lumi\u00e8re du lieu. C&rsquo;est une \u00e9tape pr\u00e9cieuse pour les couples qui souhaitent des images naturelles et spontan\u00e9es le jour J.<\/p>\n\n\n\n<h3 class=\"wp-block-heading\" id=\"h-faq-domaines-photographe-partenaire\">Les domaines des Alpilles imposent-ils de choisir leur photographe partenaire ?<\/h3>\n\n\n\n<p class=\"wp-block-paragraph\">Certains lieux de r\u00e9ception proposent une liste de prestataires recommand\u00e9s, mais rares sont ceux qui l&rsquo;imposent contractuellement. Il est conseill\u00e9 de v\u00e9rifier cette clause dans le contrat de location du domaine afin de conserver la libert\u00e9 de choix des prestataires, notamment pour le photographe.<\/p>\n\n\n\n<h3 class=\"wp-block-heading\" id=\"h-faq-difference-reportage-editorial\">Quelle est la diff\u00e9rence entre un reportage photo de mariage et un shooting \u00e9ditorial ?<\/h3>\n\n\n\n<p class=\"wp-block-paragraph\">Le reportage photo de mariage couvre l&rsquo;int\u00e9gralit\u00e9 de la journ\u00e9e de mani\u00e8re documentaire, en captant les moments spontan\u00e9s et les \u00e9motions authentiques. Le shooting \u00e9ditorial, souvent r\u00e9alis\u00e9 lors d&rsquo;une s\u00e9ance couple distincte, est plus construit et s&rsquo;inspire des codes de la photographie de mode. Les deux approches peuvent se compl\u00e9ter pour constituer un h\u00e9ritage visuel complet.<\/p>\n\n\n\n<h3 class=\"wp-block-heading\" id=\"h-faq-delai-photos\">Combien de temps faut-il pour recevoir ses photos apr\u00e8s le mariage ?<\/h3>\n\n\n\n<p class=\"wp-block-paragraph\">Les d\u00e9lais varient selon les photographes, mais un prestataire haut de gamme livre g\u00e9n\u00e9ralement un premier aper\u00e7u dans les 48 \u00e0 72 heures suivant le mariage, et la galerie compl\u00e8te sous quatre \u00e0 huit semaines. Ces d\u00e9lais doivent \u00eatre clairement stipul\u00e9s dans le contrat photographe mariage avant la signature.<\/p>\n\n\n\n<h3 class=\"wp-block-heading\" id=\"h-faq-album-photo-mariage\">Est-il possible de commander un album photo mariage apr\u00e8s r\u00e9ception de la galerie en ligne ?<\/h3>\n\n\n\n<p class=\"wp-block-paragraph\">Oui, la plupart des photographes de mariage professionnels proposent des options d&rsquo;album photo mariage apr\u00e8s la livraison de la galerie en ligne. Pour un mariage haut de gamme dans les Alpilles, un album photo mariage fa\u00e7onn\u00e9 \u00e0 la main dans des mat\u00e9riaux premium constitue un \u00e9crin \u00e0 la hauteur de la qualit\u00e9 des images et du souvenir qu&rsquo;elles repr\u00e9sentent.<\/p>\n\n<\/div><\/div>\n","protected":false},"excerpt":{"rendered":"<p>Choisir un photographe mariage Alpilles Saint-R\u00e9my : lieux d&rsquo;exception, lumi\u00e8re proven\u00e7ale, tarifs et conseils pour un reportage photo de mariage r\u00e9ussi.<\/p>\n","protected":false},"author":1,"featured_media":18280,"comment_status":"closed","ping_status":"","sticky":false,"template":"","format":"standard","meta":{"footnotes":""},"categories":[1],"tags":[],"class_list":["post-18284","post","type-post","status-publish","format-standard","has-post-thumbnail","hentry","category-conseils"],"_links":{"self":[{"href":"https:\/\/linoludovic.fr\/blog\/wp-json\/wp\/v2\/posts\/18284","targetHints":{"allow":["GET"]}}],"collection":[{"href":"https:\/\/linoludovic.fr\/blog\/wp-json\/wp\/v2\/posts"}],"about":[{"href":"https:\/\/linoludovic.fr\/blog\/wp-json\/wp\/v2\/types\/post"}],"author":[{"embeddable":true,"href":"https:\/\/linoludovic.fr\/blog\/wp-json\/wp\/v2\/users\/1"}],"replies":[{"embeddable":true,"href":"https:\/\/linoludovic.fr\/blog\/wp-json\/wp\/v2\/comments?post=18284"}],"version-history":[{"count":0,"href":"https:\/\/linoludovic.fr\/blog\/wp-json\/wp\/v2\/posts\/18284\/revisions"}],"wp:featuredmedia":[{"embeddable":true,"href":"https:\/\/linoludovic.fr\/blog\/wp-json\/wp\/v2\/media\/18280"}],"wp:attachment":[{"href":"https:\/\/linoludovic.fr\/blog\/wp-json\/wp\/v2\/media?parent=18284"}],"wp:term":[{"taxonomy":"category","embeddable":true,"href":"https:\/\/linoludovic.fr\/blog\/wp-json\/wp\/v2\/categories?post=18284"},{"taxonomy":"post_tag","embeddable":true,"href":"https:\/\/linoludovic.fr\/blog\/wp-json\/wp\/v2\/tags?post=18284"}],"curies":[{"name":"wp","href":"https:\/\/api.w.org\/{rel}","templated":true}]}}